{"id":8809,"date":"2019-02-28T18:54:28","date_gmt":"2019-02-28T17:54:28","guid":{"rendered":"https:\/\/www.pizzagirlpatrol.com\/?p=8809"},"modified":"2019-02-28T18:54:28","modified_gmt":"2019-02-28T17:54:28","slug":"pizzagirlpatrol-w-podcascie-malgorzaty-zmaczynskiej","status":"publish","type":"post","link":"https:\/\/www.pizzagirlpatrol.com\/pl\/2019\/02\/pizzagirlpatrol-w-podcascie-malgorzaty-zmaczynskiej\/","title":{"rendered":"Pizzagirlpatrol w podca\u015bcie Ma\u0142gorzaty Zmaczy\u0144skiej"},"content":{"rendered":"\n<p>Tu\u017c przed wycieczk\u0105 na Malt\u0119 dosta\u0142am bardzo intryguj\u0105c\u0105 wiadomo\u015b\u0107:<\/p>\n\n\n\n<blockquote class=\"wp-block-quote is-style-default is-layout-flow wp-block-quote-is-layout-flow\"><p>&#8220;Cze\u015b\u0107! Musz\u0119 powiedzie\u0107, \u017ce jestem pod wra\u017ceniem Twojej dzia\u0142alno\u015bci &#8211; Instagram, blog i te pizzowe podr\u00f3\u017ce. Tworz\u0119 podcast z reporta\u017cami kulinarnymi i przy okazji dnia pizzy bardzo chcia\u0142abym nagra\u0107 rozmow\u0119 z Tob\u0105!&#8221;<\/p><\/blockquote>\n\n\n\n<p>Szybko przejrza\u0142am <a href=\"https:\/\/zmacznego.com\">tw\u00f3rczo\u015b\u0107 Ma\u0142gorzaty Zmaczy\u0144skiej<\/a> i od razu zgodzi\u0142am si\u0119 na udzia\u0142 w tym pysznym przedsi\u0119wzi\u0119ciu.<\/p>\n\n\n\n<p>Weekend przed Mi\u0119dzynarodowym Dniem Pizzy, <strong>autorka najsmaczniejszego podcastu w sieci<\/strong> przyjecha\u0142a do Wroc\u0142awia, \u017ceby porozmawia\u0107 ze mn\u0105 na temat pizzy. Ale nie tylko po to! Gocha chcia\u0142a r\u00f3wnie\u017c spr\u00f3bowa\u0107 ze mn\u0105 prawdziwej pizzy neapolita\u0144skiej (a moi czytelnicy wiedz\u0105, \u017ce jedn\u0105 z najlepszych w Polsce mo\u017cna znale\u017a\u0107 we Wroc\u0142awiu)! <\/p>\n\n\n\n<p>W trakcie rozmowy okaza\u0142o si\u0119, \u017ce mamy bardzo podobne podej\u015bcie do powszechnie znanego &#8220;foodpornu&#8221;. Dla nas jedzenie to co\u015b wi\u0119cej, ni\u017c pi\u0119kny posi\u0142ek, kt\u00f3ry mo\u017cna uwieczni\u0107 na idealnej fotografii. Jedzenie jest cz\u0119sto pretekstem do spotka\u0144, \u015bwi\u0119towania, dzielenia wa\u017cnych moment\u00f3w z innymi. By\u0107 mo\u017ce w przysz\u0142o\u015bci rozkr\u0119cimy pewien nowy, kulinarny ruch (stay hungry!). <\/p>\n\n\n\n<p>W my\u015bl tej idei, po nagranym podca\u015bcie uda\u0142y\u015bmy si\u0119 na pizz\u0119, dzi\u0119ki czemu mog\u0142y\u015bmy si\u0119 lepiej pozna\u0107, w niezwykle przyjemnych okoliczno\u015bciach. \ud83d\ude42 <\/p>\n\n\n\n<p>Gocha nagrywa dwa podcasty &#8211; <a href=\"https:\/\/www.youtube.com\/channel\/UCkBwXjB8mLYutw-cjnSCWLg\">Podcast RADIOaktywny<\/a> i <a href=\"https:\/\/zmacznego.com\">ZMACZNEGO<\/a>. Koniecznie sprawd\u017acie jej tw\u00f3rczo\u015b\u0107 na Youtubie, Spotify, Itunes czy apkach do podcast\u00f3w. Ta r\u00f3\u017cowow\u0142osa dziewczyna ma prawdziw\u0105 pasj\u0119 i talent do m\u00f3wienia! Dlatego postanowi\u0142a <strong>stworzy\u0107&nbsp;swoje w\u0142asne radio<\/strong>, gdzie przeprowadza r\u00f3\u017cne rozmowy z ciekawymi lud\u017ami. <\/p>\n\n\n\n<p>A Was teraz zapraszamy do s\u0142uchania!<\/p>\n\n\n\n<pre class=\"wp-block-preformatted\"><a class=\"spreaker-player\" href=\"https:\/\/www.spreaker.com\/user\/gocha\/pizza-girl-patrol_1\" data-resource=\"episode_id=16969521\" data-theme=\"light\" data-autoplay=\"false\" data-playlist=\"false\" data-width=\"100%\" data-height=\"200px\">Listen to \"[13.] Podr\u00f3\u017cuje \u015bladami najlepszej pizzy - Pizza Girl Patrol o pizzy neapolita\u0144skiej\" on Spreaker.<\/a><script async=\"\" src=\"https:\/\/widget.spreaker.com\/widgets.js\"><\/script><\/pre>\n\n\n\n<p>Podoba\u0142 Ci si\u0119 podcast? <strong>Udost\u0119pnij go dalej!<\/strong> A nam zostaw tutaj jaki\u015b komentarz. \ud83d\ude42 <strong>Zaobserwuj mnie na Instagramie, \u017ceby zawsze by\u0107 na bie\u017c\u0105co!<\/strong><\/p>\n\n\n\n<figure class=\"wp-block-embed-instagram wp-block-embed is-type-rich is-provider-instagram\"><div class=\"wp-block-embed__wrapper\">\nhttps:\/\/www.instagram.com\/p\/BtgnMjVg5BS\/\n<\/div><\/figure>\n\n\n\n<p><\/p>\n","protected":false},"excerpt":{"rendered":"<p>Tu\u017c przed wycieczk\u0105 na Malt\u0119 dosta\u0142am bardzo intryguj\u0105c\u0105 wiadomo\u015b\u0107: &#8220;Cze\u015b\u0107! Musz\u0119 powiedzie\u0107, \u017ce jestem pod wra\u017ceniem Twojej dzia\u0142alno\u015bci &#8211; Instagram, [&hellip;]<\/p>\n","protected":false},"author":1,"featured_media":8850,"comment_status":"open","ping_status":"open","sticky":false,"template":"","format":"standard","meta":{"site-sidebar-layout":"default","site-content-layout":"","ast-site-content-layout":"default","site-content-style":"default","site-sidebar-style":"default","ast-global-header-display":"","ast-banner-title-visibility":"","ast-main-header-display":"","ast-hfb-above-header-display":"","ast-hfb-below-header-display":"","ast-hfb-mobile-header-display":"","site-post-title":"","ast-breadcrumbs-content":"","ast-featured-img":"","footer-sml-layout":"","ast-disable-related-posts":"","theme-transparent-header-meta":"","adv-header-id-meta":"","stick-header-meta":"","header-above-stick-meta":"","header-main-stick-meta":"","header-below-stick-meta":"","astra-migrate-meta-layouts":"default","ast-page-background-enabled":"default","ast-page-background-meta":{"desktop":{"background-color":"","background-image":"","background-repeat":"repeat","background-position":"center center","background-size":"auto","background-attachment":"scroll","background-type":"","background-media":"","overlay-type":"","overlay-color":"","overlay-opacity":"","overlay-gradient":""},"tablet":{"background-color":"","background-image":"","background-repeat":"repeat","background-position":"center center","background-size":"auto","background-attachment":"scroll","background-type":"","background-media":"","overlay-type":"","overlay-color":"","overlay-opacity":"","overlay-gradient":""},"mobile":{"background-color":"","background-image":"","background-repeat":"repeat","background-position":"center center","background-size":"auto","background-attachment":"scroll","background-type":"","background-media":"","overlay-type":"","overlay-color":"","overlay-opacity":"","overlay-gradient":""}},"ast-content-background-meta":{"desktop":{"background-color":"var(--ast-global-color-5)","background-image":"","background-repeat":"repeat","background-position":"center center","background-size":"auto","background-attachment":"scroll","background-type":"","background-media":"","overlay-type":"","overlay-color":"","overlay-opacity":"","overlay-gradient":""},"tablet":{"background-color":"var(--ast-global-color-5)","background-image":"","background-repeat":"repeat","background-position":"center center","background-size":"auto","background-attachment":"scroll","background-type":"","background-media":"","overlay-type":"","overlay-color":"","overlay-opacity":"","overlay-gradient":""},"mobile":{"background-color":"var(--ast-global-color-5)","background-image":"","background-repeat":"repeat","background-position":"center center","background-size":"auto","background-attachment":"scroll","background-type":"","background-media":"","overlay-type":"","overlay-color":"","overlay-opacity":"","overlay-gradient":""}},"footnotes":""},"categories":[111,51,103,114],"tags":[1806],"class_list":["post-8809","post","type-post","status-publish","format-standard","has-post-thumbnail","hentry","category-lifestyle","category-pizza","category-polska","category-rozmowy-przy-pizzy","tag-pizza-neapolitanska"],"yoast_head":"<!-- This site is optimized with the Yoast SEO plugin v27.4 - https:\/\/yoast.com\/product\/yoast-seo-wordpress\/ -->\n<title>Pizzagirlpatrol w podca\u015bcie Ma\u0142gorzaty Zmaczy\u0144skiej - Pizzagirlpatrol<\/title>\n<meta name=\"description\" content=\"Ma\u0142gorzata Zmaczy\u0144ska, autorka podcastu ZMACZNEGO, zaprosi\u0142a autork\u0119 bloga Pizzagirlpatrol do swojego podcastu z okazji Mi\u0119dzynarodowego Dnia Pizzy.\" \/>\n<meta name=\"robots\" content=\"index, follow, max-snippet:-1, max-image-preview:large, max-video-preview:-1\" \/>\n<link rel=\"canonical\" href=\"https:\/\/www.pizzagirlpatrol.com\/pl\/2019\/02\/pizzagirlpatrol-w-podcascie-malgorzaty-zmaczynskiej\/\" \/>\n<meta property=\"og:locale\" content=\"pl_PL\" \/>\n<meta property=\"og:type\" content=\"article\" \/>\n<meta property=\"og:title\" content=\"Pizzagirlpatrol w podca\u015bcie Ma\u0142gorzaty Zmaczy\u0144skiej - Pizzagirlpatrol\" \/>\n<meta property=\"og:description\" content=\"Ma\u0142gorzata Zmaczy\u0144ska, autorka podcastu ZMACZNEGO, zaprosi\u0142a autork\u0119 bloga Pizzagirlpatrol do swojego podcastu z okazji Mi\u0119dzynarodowego Dnia Pizzy.\" \/>\n<meta property=\"og:url\" content=\"https:\/\/www.pizzagirlpatrol.com\/pl\/2019\/02\/pizzagirlpatrol-w-podcascie-malgorzaty-zmaczynskiej\/\" \/>\n<meta property=\"og:site_name\" content=\"Pizzagirlpatrol\" \/>\n<meta property=\"article:published_time\" content=\"2019-02-28T17:54:28+00:00\" \/>\n<meta property=\"og:image\" content=\"https:\/\/www.pizzagirlpatrol.com\/pl\/wp-content\/uploads\/2019\/02\/podcast-o-pizzy.png\" \/>\n\t<meta property=\"og:image:width\" content=\"560\" \/>\n\t<meta property=\"og:image:height\" content=\"315\" \/>\n\t<meta property=\"og:image:type\" content=\"image\/png\" \/>\n<meta name=\"author\" content=\"Pizza Girl Patrol\" \/>\n<meta name=\"twitter:card\" content=\"summary_large_image\" \/>\n<meta name=\"twitter:label1\" content=\"Napisane przez\" \/>\n\t<meta name=\"twitter:data1\" content=\"Pizza Girl Patrol\" \/>\n\t<meta name=\"twitter:label2\" content=\"Szacowany czas czytania\" \/>\n\t<meta name=\"twitter:data2\" content=\"2 minuty\" \/>\n<script type=\"application\/ld+json\" class=\"yoast-schema-graph\">{\"@context\":\"https:\\\/\\\/schema.org\",\"@graph\":[{\"@type\":\"Article\",\"@id\":\"https:\\\/\\\/www.pizzagirlpatrol.com\\\/pl\\\/2019\\\/02\\\/pizzagirlpatrol-w-podcascie-malgorzaty-zmaczynskiej\\\/#article\",\"isPartOf\":{\"@id\":\"https:\\\/\\\/www.pizzagirlpatrol.com\\\/pl\\\/2019\\\/02\\\/pizzagirlpatrol-w-podcascie-malgorzaty-zmaczynskiej\\\/\"},\"author\":{\"name\":\"Pizza Girl Patrol\",\"@id\":\"https:\\\/\\\/www.pizzagirlpatrol.com\\\/pl\\\/#\\\/schema\\\/person\\\/a69d9c052af9b082ab96033e735b6e4a\"},\"headline\":\"Pizzagirlpatrol w podca\u015bcie Ma\u0142gorzaty Zmaczy\u0144skiej\",\"datePublished\":\"2019-02-28T17:54:28+00:00\",\"mainEntityOfPage\":{\"@id\":\"https:\\\/\\\/www.pizzagirlpatrol.com\\\/pl\\\/2019\\\/02\\\/pizzagirlpatrol-w-podcascie-malgorzaty-zmaczynskiej\\\/\"},\"wordCount\":326,\"commentCount\":4,\"publisher\":{\"@id\":\"https:\\\/\\\/www.pizzagirlpatrol.com\\\/pl\\\/#organization\"},\"image\":{\"@id\":\"https:\\\/\\\/www.pizzagirlpatrol.com\\\/pl\\\/2019\\\/02\\\/pizzagirlpatrol-w-podcascie-malgorzaty-zmaczynskiej\\\/#primaryimage\"},\"thumbnailUrl\":\"https:\\\/\\\/www.pizzagirlpatrol.com\\\/pl\\\/wp-content\\\/uploads\\\/2019\\\/02\\\/podcast-o-pizzy.png\",\"keywords\":[\"pizza neapolita\u0144ska\"],\"articleSection\":[\"Lifestyle\",\"Pizza\",\"Polska\",\"Rozmowy przy pizzy\"],\"inLanguage\":\"pl-PL\",\"potentialAction\":[{\"@type\":\"CommentAction\",\"name\":\"Comment\",\"target\":[\"https:\\\/\\\/www.pizzagirlpatrol.com\\\/pl\\\/2019\\\/02\\\/pizzagirlpatrol-w-podcascie-malgorzaty-zmaczynskiej\\\/#respond\"]}]},{\"@type\":\"WebPage\",\"@id\":\"https:\\\/\\\/www.pizzagirlpatrol.com\\\/pl\\\/2019\\\/02\\\/pizzagirlpatrol-w-podcascie-malgorzaty-zmaczynskiej\\\/\",\"url\":\"https:\\\/\\\/www.pizzagirlpatrol.com\\\/pl\\\/2019\\\/02\\\/pizzagirlpatrol-w-podcascie-malgorzaty-zmaczynskiej\\\/\",\"name\":\"Pizzagirlpatrol w podca\u015bcie Ma\u0142gorzaty Zmaczy\u0144skiej - Pizzagirlpatrol\",\"isPartOf\":{\"@id\":\"https:\\\/\\\/www.pizzagirlpatrol.com\\\/pl\\\/#website\"},\"primaryImageOfPage\":{\"@id\":\"https:\\\/\\\/www.pizzagirlpatrol.com\\\/pl\\\/2019\\\/02\\\/pizzagirlpatrol-w-podcascie-malgorzaty-zmaczynskiej\\\/#primaryimage\"},\"image\":{\"@id\":\"https:\\\/\\\/www.pizzagirlpatrol.com\\\/pl\\\/2019\\\/02\\\/pizzagirlpatrol-w-podcascie-malgorzaty-zmaczynskiej\\\/#primaryimage\"},\"thumbnailUrl\":\"https:\\\/\\\/www.pizzagirlpatrol.com\\\/pl\\\/wp-content\\\/uploads\\\/2019\\\/02\\\/podcast-o-pizzy.png\",\"datePublished\":\"2019-02-28T17:54:28+00:00\",\"description\":\"Ma\u0142gorzata Zmaczy\u0144ska, autorka podcastu ZMACZNEGO, zaprosi\u0142a autork\u0119 bloga Pizzagirlpatrol do swojego podcastu z okazji Mi\u0119dzynarodowego Dnia Pizzy.\",\"breadcrumb\":{\"@id\":\"https:\\\/\\\/www.pizzagirlpatrol.com\\\/pl\\\/2019\\\/02\\\/pizzagirlpatrol-w-podcascie-malgorzaty-zmaczynskiej\\\/#breadcrumb\"},\"inLanguage\":\"pl-PL\",\"potentialAction\":[{\"@type\":\"ReadAction\",\"target\":[\"https:\\\/\\\/www.pizzagirlpatrol.com\\\/pl\\\/2019\\\/02\\\/pizzagirlpatrol-w-podcascie-malgorzaty-zmaczynskiej\\\/\"]}]},{\"@type\":\"ImageObject\",\"inLanguage\":\"pl-PL\",\"@id\":\"https:\\\/\\\/www.pizzagirlpatrol.com\\\/pl\\\/2019\\\/02\\\/pizzagirlpatrol-w-podcascie-malgorzaty-zmaczynskiej\\\/#primaryimage\",\"url\":\"https:\\\/\\\/www.pizzagirlpatrol.com\\\/pl\\\/wp-content\\\/uploads\\\/2019\\\/02\\\/podcast-o-pizzy.png\",\"contentUrl\":\"https:\\\/\\\/www.pizzagirlpatrol.com\\\/pl\\\/wp-content\\\/uploads\\\/2019\\\/02\\\/podcast-o-pizzy.png\",\"width\":560,\"height\":315,\"caption\":\"Pizzagirlpatrol w podca\u015bcie Ma\u0142gorzaty Zmaczy\u0144skiej\"},{\"@type\":\"BreadcrumbList\",\"@id\":\"https:\\\/\\\/www.pizzagirlpatrol.com\\\/pl\\\/2019\\\/02\\\/pizzagirlpatrol-w-podcascie-malgorzaty-zmaczynskiej\\\/#breadcrumb\",\"itemListElement\":[{\"@type\":\"ListItem\",\"position\":1,\"name\":\"Strona g\u0142\u00f3wna\",\"item\":\"https:\\\/\\\/www.pizzagirlpatrol.com\\\/pl\\\/\"},{\"@type\":\"ListItem\",\"position\":2,\"name\":\"Pizzagirlpatrol w&nbsp;podca\u015bcie Ma\u0142gorzaty Zmaczy\u0144skiej\"}]},{\"@type\":\"WebSite\",\"@id\":\"https:\\\/\\\/www.pizzagirlpatrol.com\\\/pl\\\/#website\",\"url\":\"https:\\\/\\\/www.pizzagirlpatrol.com\\\/pl\\\/\",\"name\":\"Pizzagirlpatrol\",\"description\":\"Blog o w\u0142oskiej kuchni, Sycylii i podr\u00f3\u017cach po W\u0142oszech\",\"publisher\":{\"@id\":\"https:\\\/\\\/www.pizzagirlpatrol.com\\\/pl\\\/#organization\"},\"potentialAction\":[{\"@type\":\"SearchAction\",\"target\":{\"@type\":\"EntryPoint\",\"urlTemplate\":\"https:\\\/\\\/www.pizzagirlpatrol.com\\\/pl\\\/?s={search_term_string}\"},\"query-input\":{\"@type\":\"PropertyValueSpecification\",\"valueRequired\":true,\"valueName\":\"search_term_string\"}}],\"inLanguage\":\"pl-PL\"},{\"@type\":\"Organization\",\"@id\":\"https:\\\/\\\/www.pizzagirlpatrol.com\\\/pl\\\/#organization\",\"name\":\"Pizzagirlpatrol\",\"url\":\"https:\\\/\\\/www.pizzagirlpatrol.com\\\/pl\\\/\",\"logo\":{\"@type\":\"ImageObject\",\"inLanguage\":\"pl-PL\",\"@id\":\"https:\\\/\\\/www.pizzagirlpatrol.com\\\/pl\\\/#\\\/schema\\\/logo\\\/image\\\/\",\"url\":\"https:\\\/\\\/www.pizzagirlpatrol.com\\\/new\\\/wp-content\\\/uploads\\\/2017\\\/11\\\/pizzagirlpatrol-footer-logo.png\",\"contentUrl\":\"https:\\\/\\\/www.pizzagirlpatrol.com\\\/new\\\/wp-content\\\/uploads\\\/2017\\\/11\\\/pizzagirlpatrol-footer-logo.png\",\"width\":285,\"height\":285,\"caption\":\"Pizzagirlpatrol\"},\"image\":{\"@id\":\"https:\\\/\\\/www.pizzagirlpatrol.com\\\/pl\\\/#\\\/schema\\\/logo\\\/image\\\/\"}},{\"@type\":\"Person\",\"@id\":\"https:\\\/\\\/www.pizzagirlpatrol.com\\\/pl\\\/#\\\/schema\\\/person\\\/a69d9c052af9b082ab96033e735b6e4a\",\"name\":\"Pizza Girl Patrol\",\"image\":{\"@type\":\"ImageObject\",\"inLanguage\":\"pl-PL\",\"@id\":\"https:\\\/\\\/secure.gravatar.com\\\/avatar\\\/6de78107af585c27d7aa3f0ea12801e898fe860577899517baaea9be0a0b1188?s=96&d=mm&r=g\",\"url\":\"https:\\\/\\\/secure.gravatar.com\\\/avatar\\\/6de78107af585c27d7aa3f0ea12801e898fe860577899517baaea9be0a0b1188?s=96&d=mm&r=g\",\"contentUrl\":\"https:\\\/\\\/secure.gravatar.com\\\/avatar\\\/6de78107af585c27d7aa3f0ea12801e898fe860577899517baaea9be0a0b1188?s=96&d=mm&r=g\",\"caption\":\"Pizza Girl Patrol\"},\"description\":\"Autorka wszystkich tekst\u00f3w na blogu. Uzale\u017cniona od w\u0142oskiej pizzy, glutenu, inspiruj\u0105cych ludzi i ich historii. Podr\u00f3\u017cniczka, marzycielka, wielbicielka street-artu.\"}]}<\/script>\n<!-- \/ Yoast SEO plugin. -->","yoast_head_json":{"title":"Pizzagirlpatrol w podca\u015bcie Ma\u0142gorzaty Zmaczy\u0144skiej - Pizzagirlpatrol","description":"Ma\u0142gorzata Zmaczy\u0144ska, autorka podcastu ZMACZNEGO, zaprosi\u0142a autork\u0119 bloga Pizzagirlpatrol do swojego podcastu z okazji Mi\u0119dzynarodowego Dnia Pizzy.","robots":{"index":"index","follow":"follow","max-snippet":"max-snippet:-1","max-image-preview":"max-image-preview:large","max-video-preview":"max-video-preview:-1"},"canonical":"https:\/\/www.pizzagirlpatrol.com\/pl\/2019\/02\/pizzagirlpatrol-w-podcascie-malgorzaty-zmaczynskiej\/","og_locale":"pl_PL","og_type":"article","og_title":"Pizzagirlpatrol w podca\u015bcie Ma\u0142gorzaty Zmaczy\u0144skiej - Pizzagirlpatrol","og_description":"Ma\u0142gorzata Zmaczy\u0144ska, autorka podcastu ZMACZNEGO, zaprosi\u0142a autork\u0119 bloga Pizzagirlpatrol do swojego podcastu z okazji Mi\u0119dzynarodowego Dnia Pizzy.","og_url":"https:\/\/www.pizzagirlpatrol.com\/pl\/2019\/02\/pizzagirlpatrol-w-podcascie-malgorzaty-zmaczynskiej\/","og_site_name":"Pizzagirlpatrol","article_published_time":"2019-02-28T17:54:28+00:00","og_image":[{"width":560,"height":315,"url":"https:\/\/www.pizzagirlpatrol.com\/pl\/wp-content\/uploads\/2019\/02\/podcast-o-pizzy.png","type":"image\/png"}],"author":"Pizza Girl Patrol","twitter_card":"summary_large_image","twitter_misc":{"Napisane przez":"Pizza Girl Patrol","Szacowany czas czytania":"2 minuty"},"schema":{"@context":"https:\/\/schema.org","@graph":[{"@type":"Article","@id":"https:\/\/www.pizzagirlpatrol.com\/pl\/2019\/02\/pizzagirlpatrol-w-podcascie-malgorzaty-zmaczynskiej\/#article","isPartOf":{"@id":"https:\/\/www.pizzagirlpatrol.com\/pl\/2019\/02\/pizzagirlpatrol-w-podcascie-malgorzaty-zmaczynskiej\/"},"author":{"name":"Pizza Girl Patrol","@id":"https:\/\/www.pizzagirlpatrol.com\/pl\/#\/schema\/person\/a69d9c052af9b082ab96033e735b6e4a"},"headline":"Pizzagirlpatrol w podca\u015bcie Ma\u0142gorzaty Zmaczy\u0144skiej","datePublished":"2019-02-28T17:54:28+00:00","mainEntityOfPage":{"@id":"https:\/\/www.pizzagirlpatrol.com\/pl\/2019\/02\/pizzagirlpatrol-w-podcascie-malgorzaty-zmaczynskiej\/"},"wordCount":326,"commentCount":4,"publisher":{"@id":"https:\/\/www.pizzagirlpatrol.com\/pl\/#organization"},"image":{"@id":"https:\/\/www.pizzagirlpatrol.com\/pl\/2019\/02\/pizzagirlpatrol-w-podcascie-malgorzaty-zmaczynskiej\/#primaryimage"},"thumbnailUrl":"https:\/\/www.pizzagirlpatrol.com\/pl\/wp-content\/uploads\/2019\/02\/podcast-o-pizzy.png","keywords":["pizza neapolita\u0144ska"],"articleSection":["Lifestyle","Pizza","Polska","Rozmowy przy pizzy"],"inLanguage":"pl-PL","potentialAction":[{"@type":"CommentAction","name":"Comment","target":["https:\/\/www.pizzagirlpatrol.com\/pl\/2019\/02\/pizzagirlpatrol-w-podcascie-malgorzaty-zmaczynskiej\/#respond"]}]},{"@type":"WebPage","@id":"https:\/\/www.pizzagirlpatrol.com\/pl\/2019\/02\/pizzagirlpatrol-w-podcascie-malgorzaty-zmaczynskiej\/","url":"https:\/\/www.pizzagirlpatrol.com\/pl\/2019\/02\/pizzagirlpatrol-w-podcascie-malgorzaty-zmaczynskiej\/","name":"Pizzagirlpatrol w podca\u015bcie Ma\u0142gorzaty Zmaczy\u0144skiej - Pizzagirlpatrol","isPartOf":{"@id":"https:\/\/www.pizzagirlpatrol.com\/pl\/#website"},"primaryImageOfPage":{"@id":"https:\/\/www.pizzagirlpatrol.com\/pl\/2019\/02\/pizzagirlpatrol-w-podcascie-malgorzaty-zmaczynskiej\/#primaryimage"},"image":{"@id":"https:\/\/www.pizzagirlpatrol.com\/pl\/2019\/02\/pizzagirlpatrol-w-podcascie-malgorzaty-zmaczynskiej\/#primaryimage"},"thumbnailUrl":"https:\/\/www.pizzagirlpatrol.com\/pl\/wp-content\/uploads\/2019\/02\/podcast-o-pizzy.png","datePublished":"2019-02-28T17:54:28+00:00","description":"Ma\u0142gorzata Zmaczy\u0144ska, autorka podcastu ZMACZNEGO, zaprosi\u0142a autork\u0119 bloga Pizzagirlpatrol do swojego podcastu z okazji Mi\u0119dzynarodowego Dnia Pizzy.","breadcrumb":{"@id":"https:\/\/www.pizzagirlpatrol.com\/pl\/2019\/02\/pizzagirlpatrol-w-podcascie-malgorzaty-zmaczynskiej\/#breadcrumb"},"inLanguage":"pl-PL","potentialAction":[{"@type":"ReadAction","target":["https:\/\/www.pizzagirlpatrol.com\/pl\/2019\/02\/pizzagirlpatrol-w-podcascie-malgorzaty-zmaczynskiej\/"]}]},{"@type":"ImageObject","inLanguage":"pl-PL","@id":"https:\/\/www.pizzagirlpatrol.com\/pl\/2019\/02\/pizzagirlpatrol-w-podcascie-malgorzaty-zmaczynskiej\/#primaryimage","url":"https:\/\/www.pizzagirlpatrol.com\/pl\/wp-content\/uploads\/2019\/02\/podcast-o-pizzy.png","contentUrl":"https:\/\/www.pizzagirlpatrol.com\/pl\/wp-content\/uploads\/2019\/02\/podcast-o-pizzy.png","width":560,"height":315,"caption":"Pizzagirlpatrol w podca\u015bcie Ma\u0142gorzaty Zmaczy\u0144skiej"},{"@type":"BreadcrumbList","@id":"https:\/\/www.pizzagirlpatrol.com\/pl\/2019\/02\/pizzagirlpatrol-w-podcascie-malgorzaty-zmaczynskiej\/#breadcrumb","itemListElement":[{"@type":"ListItem","position":1,"name":"Strona g\u0142\u00f3wna","item":"https:\/\/www.pizzagirlpatrol.com\/pl\/"},{"@type":"ListItem","position":2,"name":"Pizzagirlpatrol w&nbsp;podca\u015bcie Ma\u0142gorzaty Zmaczy\u0144skiej"}]},{"@type":"WebSite","@id":"https:\/\/www.pizzagirlpatrol.com\/pl\/#website","url":"https:\/\/www.pizzagirlpatrol.com\/pl\/","name":"Pizzagirlpatrol","description":"Blog o w\u0142oskiej kuchni, Sycylii i podr\u00f3\u017cach po W\u0142oszech","publisher":{"@id":"https:\/\/www.pizzagirlpatrol.com\/pl\/#organization"},"potentialAction":[{"@type":"SearchAction","target":{"@type":"EntryPoint","urlTemplate":"https:\/\/www.pizzagirlpatrol.com\/pl\/?s={search_term_string}"},"query-input":{"@type":"PropertyValueSpecification","valueRequired":true,"valueName":"search_term_string"}}],"inLanguage":"pl-PL"},{"@type":"Organization","@id":"https:\/\/www.pizzagirlpatrol.com\/pl\/#organization","name":"Pizzagirlpatrol","url":"https:\/\/www.pizzagirlpatrol.com\/pl\/","logo":{"@type":"ImageObject","inLanguage":"pl-PL","@id":"https:\/\/www.pizzagirlpatrol.com\/pl\/#\/schema\/logo\/image\/","url":"https:\/\/www.pizzagirlpatrol.com\/new\/wp-content\/uploads\/2017\/11\/pizzagirlpatrol-footer-logo.png","contentUrl":"https:\/\/www.pizzagirlpatrol.com\/new\/wp-content\/uploads\/2017\/11\/pizzagirlpatrol-footer-logo.png","width":285,"height":285,"caption":"Pizzagirlpatrol"},"image":{"@id":"https:\/\/www.pizzagirlpatrol.com\/pl\/#\/schema\/logo\/image\/"}},{"@type":"Person","@id":"https:\/\/www.pizzagirlpatrol.com\/pl\/#\/schema\/person\/a69d9c052af9b082ab96033e735b6e4a","name":"Pizza Girl Patrol","image":{"@type":"ImageObject","inLanguage":"pl-PL","@id":"https:\/\/secure.gravatar.com\/avatar\/6de78107af585c27d7aa3f0ea12801e898fe860577899517baaea9be0a0b1188?s=96&d=mm&r=g","url":"https:\/\/secure.gravatar.com\/avatar\/6de78107af585c27d7aa3f0ea12801e898fe860577899517baaea9be0a0b1188?s=96&d=mm&r=g","contentUrl":"https:\/\/secure.gravatar.com\/avatar\/6de78107af585c27d7aa3f0ea12801e898fe860577899517baaea9be0a0b1188?s=96&d=mm&r=g","caption":"Pizza Girl Patrol"},"description":"Autorka wszystkich tekst\u00f3w na blogu. Uzale\u017cniona od w\u0142oskiej pizzy, glutenu, inspiruj\u0105cych ludzi i ich historii. Podr\u00f3\u017cniczka, marzycielka, wielbicielka street-artu."}]}},"_links":{"self":[{"href":"https:\/\/www.pizzagirlpatrol.com\/pl\/wp-json\/wp\/v2\/posts\/8809","targetHints":{"allow":["GET"]}}],"collection":[{"href":"https:\/\/www.pizzagirlpatrol.com\/pl\/wp-json\/wp\/v2\/posts"}],"about":[{"href":"https:\/\/www.pizzagirlpatrol.com\/pl\/wp-json\/wp\/v2\/types\/post"}],"author":[{"embeddable":true,"href":"https:\/\/www.pizzagirlpatrol.com\/pl\/wp-json\/wp\/v2\/users\/1"}],"replies":[{"embeddable":true,"href":"https:\/\/www.pizzagirlpatrol.com\/pl\/wp-json\/wp\/v2\/comments?post=8809"}],"version-history":[{"count":0,"href":"https:\/\/www.pizzagirlpatrol.com\/pl\/wp-json\/wp\/v2\/posts\/8809\/revisions"}],"wp:featuredmedia":[{"embeddable":true,"href":"https:\/\/www.pizzagirlpatrol.com\/pl\/wp-json\/wp\/v2\/media\/8850"}],"wp:attachment":[{"href":"https:\/\/www.pizzagirlpatrol.com\/pl\/wp-json\/wp\/v2\/media?parent=8809"}],"wp:term":[{"taxonomy":"category","embeddable":true,"href":"https:\/\/www.pizzagirlpatrol.com\/pl\/wp-json\/wp\/v2\/categories?post=8809"},{"taxonomy":"post_tag","embeddable":true,"href":"https:\/\/www.pizzagirlpatrol.com\/pl\/wp-json\/wp\/v2\/tags?post=8809"}],"curies":[{"name":"wp","href":"https:\/\/api.w.org\/{rel}","templated":true}]}}